{"id":564,"date":"2015-06-09T09:15:27","date_gmt":"2015-06-09T07:15:27","guid":{"rendered":"http:\/\/www.autismfedra.ro\/?p=564"},"modified":"2015-07-15T16:13:53","modified_gmt":"2015-07-15T14:13:53","slug":"fedra-solicita-europarlamentarilor-romani-semnarea-unei-scrisori-deschise-in-sprijnul-persoanelor-cu-autism","status":"publish","type":"post","link":"https:\/\/www.autismfedra.ro\/en\/fedra-solicita-europarlamentarilor-romani-semnarea-unei-scrisori-deschise-in-sprijnul-persoanelor-cu-autism\/","title":{"rendered":"(Rom\u00e2n\u0103) FEDRA solicit\u0103 semnarea unei scrisori deschise"},"content":{"rendered":"<p class=\"qtranxs-available-languages-message qtranxs-available-languages-message-en\">Sorry, this entry is only available in <a href=\"https:\/\/www.autismfedra.ro\/ro\/wp-json\/wp\/v2\/posts\/564\" class=\"qtranxs-available-language-link qtranxs-available-language-link-ro\" title=\"Rom\u00e2n\u0103\">Rom\u00e2n\u0103<\/a>.<\/p>","protected":false},"excerpt":{"rendered":"<p>Sorry, this entry is only available in Rom\u00e2n\u0103.<\/p>\n","protected":false},"author":2,"featured_media":452,"comment_status":"open","ping_status":"open","sticky":false,"template":"","format":"standard","meta":{"footnotes":""},"categories":[3],"tags":[],"class_list":["post-564","post","type-post","status-publish","format-standard","has-post-thumbnail","hentry","category-stire-comunicat"],"_links":{"self":[{"href":"https:\/\/www.autismfedra.ro\/en\/wp-json\/wp\/v2\/posts\/564","targetHints":{"allow":["GET"]}}],"collection":[{"href":"https:\/\/www.autismfedra.ro\/en\/wp-json\/wp\/v2\/posts"}],"about":[{"href":"https:\/\/www.autismfedra.ro\/en\/wp-json\/wp\/v2\/types\/post"}],"author":[{"embeddable":true,"href":"https:\/\/www.autismfedra.ro\/en\/wp-json\/wp\/v2\/users\/2"}],"replies":[{"embeddable":true,"href":"https:\/\/www.autismfedra.ro\/en\/wp-json\/wp\/v2\/comments?post=564"}],"version-history":[{"count":0,"href":"https:\/\/www.autismfedra.ro\/en\/wp-json\/wp\/v2\/posts\/564\/revisions"}],"wp:featuredmedia":[{"embeddable":true,"href":"https:\/\/www.autismfedra.ro\/en\/wp-json\/wp\/v2\/media\/452"}],"wp:attachment":[{"href":"https:\/\/www.autismfedra.ro\/en\/wp-json\/wp\/v2\/media?parent=564"}],"wp:term":[{"taxonomy":"category","embeddable":true,"href":"https:\/\/www.autismfedra.ro\/en\/wp-json\/wp\/v2\/categories?post=564"},{"taxonomy":"post_tag","embeddable":true,"href":"https:\/\/www.autismfedra.ro\/en\/wp-json\/wp\/v2\/tags?post=564"}],"curies":[{"name":"wp","href":"https:\/\/api.w.org\/{rel}","templated":true}]}}